{"id":2348,"date":"2019-04-24T10:33:11","date_gmt":"2019-04-24T08:33:11","guid":{"rendered":"http:\/\/rostrenenfc.fr\/?p=2348"},"modified":"2019-04-24T10:37:21","modified_gmt":"2019-04-24T08:37:21","slug":"r3-jonathan-vitre-a-un-poste-cle-ouest-france","status":"publish","type":"post","link":"https:\/\/rostrenenfc.fr\/index.php\/2019\/04\/24\/r3-jonathan-vitre-a-un-poste-cle-ouest-france\/","title":{"rendered":"R3 : Jonathan Vitre \u00e0 un poste cl\u00e9 (ouest france)"},"content":{"rendered":"<h5 class=\"chapeau\"><span class=\"paywall-free\">\u00c0 l\u2019intersaison, Jonathan Vitr\u00e9 avait accept\u00e9 le r\u00f4le de joueur-entra\u00eeneur avec l\u2019\u00e9quipe de premi\u00e8re division. Mais en raison des circonstances, il joue dans l\u2019\u00e9quipe de R\u00e9gionale 3.<\/span><\/h5>\n<p class=\"titre-effort paywall-free\">Portrait<\/p>\n<p class=\"paywall-free\">Il a un parcours atypique. Licenci\u00e9 dans divers clubs depuis son adolescence\u00a0: au Club sportif rostrenois, \u00e0 la GSI Pontivy, l\u2019Avant-garde Rostrenoise ou Rostrenen FC\u2026 Sur le terrain, tant\u00f4t joueur, tant\u00f4t entra\u00eeneur, Jonathan Vitr\u00e9 est toujours l\u00e0\u00a0!<\/p>\n<p class=\"paywall-free\">Il a m\u00eame, un temps, rejoint Plouguern\u00e9vel. <b>\u00ab\u00a0Avec Glenn Dubois<\/b><\/p>\n<p class=\"paywall\"><b>, nous avions une bonne petite \u00e9quipe<\/b>, se souvient-il. <b>Et puis, Jimmy Lesniewski a \u00e9t\u00e9 nomm\u00e9 entra\u00eeneur du RFC et je suis revenu \u00e0 Rostrenen. C\u2019est \u00e0 ce moment-l\u00e0 que je suis devenu d\u00e9fenseur alors que, jusque-l\u00e0, j\u2019avais toujours jou\u00e9 devant, comme milieu gauche ou droit ou en pointe.\u00a0\u00bb<\/b><\/p>\n<p class=\"intertitre paywall\">\u00ab\u00a0Je fais de mon mieux\u00a0\u00bb<\/p>\n<p class=\"paywall\">Moins rapide qu\u2019\u00e0 18\u00a0ans, Jonathan Vitr\u00e9 s\u2019adapte parfaitement \u00e0 son nouveau poste gr\u00e2ce \u00e0 sa bonne technique, sa bonne vision du jeu et son art du placement. <b>\u00ab\u00a0\u00c7a a \u00e9t\u00e9 mes plus belles ann\u00e9es avec Jimmy. Au cours de cette p\u00e9riode, j\u2019ai beaucoup appris tactiquement,<\/b> confie-t-il. <b>Je regrette de ne pas avoir appris plus jeune l\u2019aspect tactique qui est devenu si important.\u00a0\u00bb<\/b><\/p>\n<p class=\"paywall\">Les \u00e9quipes A et B se sont trouv\u00e9es affaiblies par de nombreux d\u00e9parts. <b>\u00ab\u00a0En concertation avec \u00c9ric et Thibault Coadic, j\u2019ai d\u00e9cid\u00e9 de jouer en A. Je leur ai dit que s\u2019il y avait besoin que je redevienne joueur de l\u2019\u00e9quipe A, cela ne me posait aucun probl\u00e8me.\u00a0\u00bb<\/b> Jonathan a donc renonc\u00e9 \u00e0 coacher l\u2019\u00e9quipe B.<\/p>\n<p class=\"paywall\">Thibault Coadic, qui lui succ\u00e8de, sait lui demander conseil.<b> \u00ab\u00a0Le r\u00f4le du coach consiste \u00e0 observer ce qui ne va pas sur le terrain pour apporter les changements. Pour ce qui est de l\u2019autorit\u00e9, ce n\u2019est pas un probl\u00e8me avec des personnes intelligentes\u00a0\u00bb, <\/b>estime Jonathan Vitr\u00e9.<\/p>\n<p class=\"paywall\">Face aux mauvais r\u00e9sultats du d\u00e9but de saison, v\u00e9ritable \u00e9chec collectif, aux causes multiples, les joueurs et leurs cadres ont su se reprendre. Et \u00e0 la<b>\u00a0<\/b>demande de son entra\u00eeneur, Jonathan Vitr\u00e9 joue devant comme \u00e0 ses d\u00e9buts. <b>\u00ab\u00a0J\u2019ai le plaisir d\u2019\u00e9voluer avec des jeunes que j\u2019ai encadr\u00e9s pr\u00e9c\u00e9demment. Je fais de mon mieux. Il n\u2019y a pas de probl\u00e8me pour me mettre sur le banc, s\u2019il y a mieux que moi\u00a0\u00bb<\/b>.<\/p>\n<p class=\"paywall\">Dimanche dernier, il a marqu\u00e9 l\u2019un des deux buts qui ont donn\u00e9 la victoire (2 \u00e0 1) au RFC \u00e0 Plouisy. Mais pour le maintien, une autre victoire s\u2019impose, ce dimanche, contre Servel.<\/p>\n","protected":false},"excerpt":{"rendered":"<p>\u00c0 l\u2019intersaison, Jonathan Vitr\u00e9 avait accept\u00e9 le r\u00f4le de joueur-entra\u00eeneur avec l\u2019\u00e9quipe de premi\u00e8re division. Mais en raison des circonstances, il joue dans l\u2019\u00e9quipe de R\u00e9gionale 3. Portrait Il a un parcours atypique. Licenci\u00e9 dans divers clubs depuis son adolescence\u00a0: au Club sportif rostrenois, \u00e0 la GSI Pontivy, l\u2019Avant-garde Rostrenoise ou Rostrenen FC\u2026 Sur le&#8230;<\/p>\n","protected":false},"author":1,"featured_media":2349,"comment_status":"open","ping_status":"open","sticky":false,"template":"","format":"standard","meta":[],"categories":[123],"tags":[],"_links":{"self":[{"href":"https:\/\/rostrenenfc.fr\/index.php\/wp-json\/wp\/v2\/posts\/2348"}],"collection":[{"href":"https:\/\/rostrenenfc.fr\/index.php\/wp-json\/wp\/v2\/posts"}],"about":[{"href":"https:\/\/rostrenenfc.fr\/index.php\/wp-json\/wp\/v2\/types\/post"}],"author":[{"embeddable":true,"href":"https:\/\/rostrenenfc.fr\/index.php\/wp-json\/wp\/v2\/users\/1"}],"replies":[{"embeddable":true,"href":"https:\/\/rostrenenfc.fr\/index.php\/wp-json\/wp\/v2\/comments?post=2348"}],"version-history":[{"count":1,"href":"https:\/\/rostrenenfc.fr\/index.php\/wp-json\/wp\/v2\/posts\/2348\/revisions"}],"predecessor-version":[{"id":2350,"href":"https:\/\/rostrenenfc.fr\/index.php\/wp-json\/wp\/v2\/posts\/2348\/revisions\/2350"}],"wp:featuredmedia":[{"embeddable":true,"href":"https:\/\/rostrenenfc.fr\/index.php\/wp-json\/wp\/v2\/media\/2349"}],"wp:attachment":[{"href":"https:\/\/rostrenenfc.fr\/index.php\/wp-json\/wp\/v2\/media?parent=2348"}],"wp:term":[{"taxonomy":"category","embeddable":true,"href":"https:\/\/rostrenenfc.fr\/index.php\/wp-json\/wp\/v2\/categories?post=2348"},{"taxonomy":"post_tag","embeddable":true,"href":"https:\/\/rostrenenfc.fr\/index.php\/wp-json\/wp\/v2\/tags?post=2348"}],"curies":[{"name":"wp","href":"https:\/\/api.w.org\/{rel}","templated":true}]}}